{"id":8931,"date":"2023-11-07T15:35:41","date_gmt":"2023-11-07T14:35:41","guid":{"rendered":"https:\/\/breitband-altmark.de\/cms\/?p=8931"},"modified":"2023-11-07T15:35:41","modified_gmt":"2023-11-07T14:35:41","slug":"pop-bereich-immekath-geht-ans-licht-uebergabe-des-dritten-bauabschnittes-im-projektgebiet-3","status":"publish","type":"post","link":"https:\/\/breitband-altmark.de\/cms\/pop-bereich-immekath-geht-ans-licht-uebergabe-des-dritten-bauabschnittes-im-projektgebiet-3\/","title":{"rendered":"PoP-Bereich Immekath geht ans Licht - \u00dcbergabe des dritten Bauabschnittes im Projektgebiet 3 -"},"content":{"rendered":"<p><strong>Altmarkkreis Salzwedel | Landkreis Stendal | Zweckverband Breitband Altmark (ZBA), 07.11.2023: <\/strong><\/p>\n<p><strong>Der Zweckverband Breitband Altmark informiert:<\/strong><\/p>\n<p>Nicht ganz eine Woche ist vergangen und der Zweckverband kann heute eine weitere gute Nachricht verk\u00fcnden. Der dritte Bauabschnitt im Projektgebiet 3 in unserer Altmark ist an den Netzbetreiber \u00fcbergeben worden. Am Technikstandort in Immekath \u2013 dem sogenannten PoP (Point of Presence) \u2013 dr\u00fcckten der ZBA-Projektleiter des PG3 Henning Kipp, der B\u00fcrgermeister der Einheitsgemeinde Stadt Kl\u00f6tze Uwe Bartels gemeinschaftlich mit dem DNS:NET Internet Service GmbH (DNS:NET) Regionalleiter Sachsen-Anhalt Herrn Thomas Lange symbolisch den Button f\u00fcr die \u00dcbergabe des passiven Netzes an den Netzbetreiber DNS:NET.<\/p>\n<p>\u201eJetzt ist die Basis f\u00fcr eine zukunftsorientierte Modernisierung der l\u00e4ndlichen Region geschaffen\u201c, freut sich Uwe Bartels, B\u00fcrgermeister der Einheitsgemeinde Stadt Kl\u00f6tze.<\/p>\n<p>\u201eEs ist eine tolle Nachricht, dass der einzige dunkle PoP nun auch mit der Aktivtechnik ausgestattet wird und Licht ins Dunkel bringt.\u201c, erg\u00e4nzte der ZBA-Projektleiter.<\/p>\n<p>&nbsp;<\/p>\n<h4 style=\"text-align: center;\"><a href=\"https:\/\/breitband-altmark.de\/cms\/wp-content\/uploads\/2023\/11\/231107_PM_PG3-BA3_Immekath-geht-ans-Licht.pdf\"><strong><span style=\"color: #ffcc00;\">- Lesen Sie hier die vollst\u00e4ndige Pressemitteilung -<\/span><\/strong><\/a><\/h4>\n<p>&nbsp;<\/p>\n","protected":false},"excerpt":{"rendered":"<p>Altmarkkreis Salzwedel | Landkreis Stendal | Zweckverband Breitband Altmark (ZBA), 07.11.2023: Der Zweckverband Breitband Altmark informiert: Nicht ganz eine Woche ist vergangen und der Zweckverband kann heute eine weitere gute Nachricht verk\u00fcnden. Der dritte Bauabschnitt im Projektgebiet 3 in unserer Altmark ist an den Netzbetreiber \u00fcbergeben worden. Am Technikstandort in Immekath \u2013 dem sogenannten PoP [&hellip;]<\/p>\n","protected":false},"author":5,"featured_media":8927,"comment_status":"open","ping_status":"open","sticky":false,"template":"","format":"standard","meta":{"footnotes":""},"categories":[33,9,10],"tags":[],"class_list":["post-8931","post","type-post","status-publish","format-standard","has-post-thumbnail","hentry","category-pg-3-bereich-3-immekath-jeggau","category-projektgebiet-3","category-veranstaltungen","post-wrapper"],"meta_box":[],"_links":{"self":[{"href":"https:\/\/breitband-altmark.de\/cms\/wp-json\/wp\/v2\/posts\/8931","targetHints":{"allow":["GET"]}}],"collection":[{"href":"https:\/\/breitband-altmark.de\/cms\/wp-json\/wp\/v2\/posts"}],"about":[{"href":"https:\/\/breitband-altmark.de\/cms\/wp-json\/wp\/v2\/types\/post"}],"author":[{"embeddable":true,"href":"https:\/\/breitband-altmark.de\/cms\/wp-json\/wp\/v2\/users\/5"}],"replies":[{"embeddable":true,"href":"https:\/\/breitband-altmark.de\/cms\/wp-json\/wp\/v2\/comments?post=8931"}],"version-history":[{"count":1,"href":"https:\/\/breitband-altmark.de\/cms\/wp-json\/wp\/v2\/posts\/8931\/revisions"}],"predecessor-version":[{"id":8932,"href":"https:\/\/breitband-altmark.de\/cms\/wp-json\/wp\/v2\/posts\/8931\/revisions\/8932"}],"wp:featuredmedia":[{"embeddable":true,"href":"https:\/\/breitband-altmark.de\/cms\/wp-json\/wp\/v2\/media\/8927"}],"wp:attachment":[{"href":"https:\/\/breitband-altmark.de\/cms\/wp-json\/wp\/v2\/media?parent=8931"}],"wp:term":[{"taxonomy":"category","embeddable":true,"href":"https:\/\/breitband-altmark.de\/cms\/wp-json\/wp\/v2\/categories?post=8931"},{"taxonomy":"post_tag","embeddable":true,"href":"https:\/\/breitband-altmark.de\/cms\/wp-json\/wp\/v2\/tags?post=8931"}],"curies":[{"name":"wp","href":"https:\/\/api.w.org\/{rel}","templated":true}]}}