{"id":8417,"date":"2023-03-31T12:27:55","date_gmt":"2023-03-31T10:27:55","guid":{"rendered":"https:\/\/breitband-altmark.de\/cms\/?p=8417"},"modified":"2023-03-31T12:27:55","modified_gmt":"2023-03-31T10:27:55","slug":"fuehrungswechsel-beim-zweckverband-breitband-altmark-landraete-und-weitere-mitglieder-des-hauptausschusses-begruessen-den-neuen-geschaeftsfuehrer","status":"publish","type":"post","link":"https:\/\/breitband-altmark.de\/cms\/fuehrungswechsel-beim-zweckverband-breitband-altmark-landraete-und-weitere-mitglieder-des-hauptausschusses-begruessen-den-neuen-geschaeftsfuehrer\/","title":{"rendered":"F\u00dcHRUNGSWECHSEL BEIM ZWECKVERBAND BREITBAND ALTMARK - Landr\u00e4te und weitere Mitglieder des Hauptausschusses begr\u00fc\u00dfen den neuen Gesch\u00e4ftsf\u00fchrer -"},"content":{"rendered":"<p><strong>Altmarkkreis Salzwedel | Landkreis Stendal | Zweckverband Breitband Altmark (ZBA), 31.03.2023: <\/strong><\/p>\n<p><strong>Der Zweckverband Breitband Altmark informiert:<\/strong><\/p>\n<p>Es ist kein Aprilscherz. Der 40-j\u00e4hrige Salzwedeler Hendrik Meier wurde von den Mitgliedern des Verbandes in der Verbandsversammlung einstimmig zum neuen ZBA-Verbandsgesch\u00e4ftsf\u00fchrer gew\u00e4hlt und tritt damit ab morgen die Nachfolge von Andreas Kluge an.<\/p>\n<p>\u201eIn den letzten Jahren haben wir gemeinsam mit dem Team des ZBA und den Kommunen der Altmark Enormes erreicht. Wir verf\u00fcgen nun bereits in den meisten Gebieten \u00fcber eine digitale Infrastruktur der Zukunft, die unsere Region nachhaltig und zukunftsfest aufstellen. Es ist sch\u00f6n, dass mit Hendrik Meier jemand gefunden werden konnte, der diese Arbeit fortsetzt und sich den nun kommenden Aufgaben der Nutzung der Infrastruktur f\u00fcr die Digitalisierung widmen wird. Wir stehen im engen Kontakt und ich w\u00fcnsche ihm und dem Team alles Gute!\u201c, begr\u00fc\u00dfte Herr Kluge seinen Nachfolger und umrahmte die verabschiedenden Worte des Vorsitzenden der Verbandsversammlung sowie Landrat des Landkreises Stendal Patrick Puhlmann vor den Mitgliedern des Verbandes im Dezember 2022. <\/p>\n<p>\u201eAuch ich hei\u00dfe Herrn Meier herzlich willkommen.\u201c, bef\u00fcrwortete Herr Ronald Haag die neue Verst\u00e4rkung. Dieser hatte als stellvertretender Verbandsgesch\u00e4ftsf\u00fchrer und ZBA-Projektleiter die Gesch\u00e4ftsf\u00fchrung interimsweise f\u00fcr die Zeit des \u00dcbergangs von Januar bis M\u00e4rz 2023 \u00fcbernommen. Im Beisein des Landrates Puhlmann, dem stellvertretenden Vorsitzenden der Verbandsversammlung und Landrat des Altmarkkreises Salzwedel Steve Kanitz sowie den weiteren Mitgliedern des Hauptausschuss-Gremiums wird jetzt die ZBA-F\u00fchrung in die H\u00e4nde von Hendrik Meier \u00fcbergeben.<\/p>\n<p>\u201eAuf die Herausforderung, das gr\u00f6\u00dfte Infrastrukturprojekt in unserer Altmark auf der Zielgeraden zu begleiten und ein Team an meine Seite zu bekommen, welches mit mir die Landkreise, St\u00e4dte und Gemeinden bei den wichtigen Schritten f\u00fcr eine zukunftssichere Region unterst\u00fctzt, freue ich mich sehr.\u201c, beginnt Meier seinen bevorstehenden Amtsantritt und erg\u00e4nzte so die Worte von Herrn Haag.<\/p>\n<p>&nbsp;<\/p>\n<h4 style=\"text-align: center;\"><a href=\"https:\/\/breitband-altmark.de\/cms\/wp-content\/uploads\/2023\/03\/230331_PM_ZBA-Fuehrungswechsel.pdf\"><strong><span style=\"color: #ffcc00;\">- Lesen Sie hier die vollst\u00e4ndige Pressemitteilung -<\/span><\/strong><\/a><\/h4>\n<p>&nbsp;<\/p>\n","protected":false},"excerpt":{"rendered":"<p>Altmarkkreis Salzwedel | Landkreis Stendal | Zweckverband Breitband Altmark (ZBA), 31.03.2023: Der Zweckverband Breitband Altmark informiert: Es ist kein Aprilscherz. Der 40-j\u00e4hrige Salzwedeler Hendrik Meier wurde von den Mitgliedern des Verbandes in der Verbandsversammlung einstimmig zum neuen ZBA-Verbandsgesch\u00e4ftsf\u00fchrer gew\u00e4hlt und tritt damit ab morgen die Nachfolge von Andreas Kluge an. \u201eIn den letzten Jahren haben [&hellip;]<\/p>\n","protected":false},"author":5,"featured_media":8415,"comment_status":"open","ping_status":"open","sticky":false,"template":"","format":"standard","meta":{"footnotes":""},"categories":[1,7,8,9,10],"tags":[],"class_list":["post-8417","post","type-post","status-publish","format-standard","has-post-thumbnail","hentry","category-allgemein","category-projektgebiet-1","category-projektgebiet-2","category-projektgebiet-3","category-veranstaltungen","post-wrapper"],"meta_box":[],"_links":{"self":[{"href":"https:\/\/breitband-altmark.de\/cms\/wp-json\/wp\/v2\/posts\/8417","targetHints":{"allow":["GET"]}}],"collection":[{"href":"https:\/\/breitband-altmark.de\/cms\/wp-json\/wp\/v2\/posts"}],"about":[{"href":"https:\/\/breitband-altmark.de\/cms\/wp-json\/wp\/v2\/types\/post"}],"author":[{"embeddable":true,"href":"https:\/\/breitband-altmark.de\/cms\/wp-json\/wp\/v2\/users\/5"}],"replies":[{"embeddable":true,"href":"https:\/\/breitband-altmark.de\/cms\/wp-json\/wp\/v2\/comments?post=8417"}],"version-history":[{"count":1,"href":"https:\/\/breitband-altmark.de\/cms\/wp-json\/wp\/v2\/posts\/8417\/revisions"}],"predecessor-version":[{"id":8418,"href":"https:\/\/breitband-altmark.de\/cms\/wp-json\/wp\/v2\/posts\/8417\/revisions\/8418"}],"wp:featuredmedia":[{"embeddable":true,"href":"https:\/\/breitband-altmark.de\/cms\/wp-json\/wp\/v2\/media\/8415"}],"wp:attachment":[{"href":"https:\/\/breitband-altmark.de\/cms\/wp-json\/wp\/v2\/media?parent=8417"}],"wp:term":[{"taxonomy":"category","embeddable":true,"href":"https:\/\/breitband-altmark.de\/cms\/wp-json\/wp\/v2\/categories?post=8417"},{"taxonomy":"post_tag","embeddable":true,"href":"https:\/\/breitband-altmark.de\/cms\/wp-json\/wp\/v2\/tags?post=8417"}],"curies":[{"name":"wp","href":"https:\/\/api.w.org\/{rel}","templated":true}]}}