{"id":8137,"date":"2022-12-09T13:54:05","date_gmt":"2022-12-09T12:54:05","guid":{"rendered":"https:\/\/breitband-altmark.de\/cms\/?p=8137"},"modified":"2022-12-09T13:54:05","modified_gmt":"2022-12-09T12:54:05","slug":"wp-content-uploads-2022-12-221209_pm_pg1-ba5_adventadventein-weiteres-lichtlein-brennt-pdf","status":"publish","type":"post","link":"https:\/\/breitband-altmark.de\/cms\/wp-content-uploads-2022-12-221209_pm_pg1-ba5_adventadventein-weiteres-lichtlein-brennt-pdf\/","title":{"rendered":"ADVENT, ADVENT, EIN WEITERES LICHTLEIN BRENNT - Aktivierung des f\u00fcnften Bauabschnittes im Projektgebiet 1 -"},"content":{"rendered":"<p><strong>Altmarkkreis Salzwedel | Landkreis Stendal | Zweckverband Breitband Altmark (ZBA), 09.12.2022: <\/strong><\/p>\n<p><strong>Der Zweckverband Breitband Altmark informiert:<\/strong><\/p>\n<p>Der dritte Advent steht vor der T\u00fcr und damit auch die dritte Aktivierung im Projektgebiet 1 (PG1). Zusammen mit der B\u00fcrgermeisterin der Verbandsgemeinde Elbe-Havel-Land Steffi Friedebold, dem technischen Projektleiter des PG1 Ronald Haag und dem Bauleiter als Vertreter des Netzbetreibers DNS:NET Internet Service GmbH (DNS:NET) Marcel Schwarz bet\u00e4tigte der Gesch\u00e4ftsf\u00fchrer Andreas Kluge am Technikgeb\u00e4ude, den sogenannten PoP (Point of Presence) in Rehberg symbolisch den Button f\u00fcr die erste Teilaktivierung des f\u00fcnften Bauabschnittes im PG1 und \u00fcbergab somit die Verantwortlichkeit der n\u00e4chsten Schritte vom passivem zum aktiven Netz an die DNS:NET.<\/p>\n<p>\u201eEs freut mich, dass wir im Landkreis Stendal insbesondere im Elbe-Havel-Land nach unserem Pilotcluster wieder einen Bauabschnitt \u00fcbergeben konnten. N\u00e4chste Woche folgen noch zwei weitere Bauabschnitte, womit der ZBA den B\u00fcrgern ein sch\u00f6nes Weihnachtsgeschenk machen kann.\u201c, umrundete Herr Kluge das freudige Ereignis.<\/p>\n<p>&nbsp;<\/p>\n<h4 style=\"text-align: center;\"><a href=\"https:\/\/breitband-altmark.de\/cms\/wp-content\/uploads\/2022\/12\/221209_PM_PG1-BA5_AdventAdventein-weiteres-Lichtlein-brennt.pdf\"><strong><span style=\"color: #ffcc00;\">- Lesen Sie hier die vollst\u00e4ndige Pressemitteilung -<\/span><\/strong><\/a><\/h4>\n<p>&nbsp;<\/p>\n","protected":false},"excerpt":{"rendered":"<p>Altmarkkreis Salzwedel | Landkreis Stendal | Zweckverband Breitband Altmark (ZBA), 09.12.2022: Der Zweckverband Breitband Altmark informiert: Der dritte Advent steht vor der T\u00fcr und damit auch die dritte Aktivierung im Projektgebiet 1 (PG1). Zusammen mit der B\u00fcrgermeisterin der Verbandsgemeinde Elbe-Havel-Land Steffi Friedebold, dem technischen Projektleiter des PG1 Ronald Haag und dem Bauleiter als Vertreter des [&hellip;]<\/p>\n","protected":false},"author":5,"featured_media":8153,"comment_status":"open","ping_status":"open","sticky":false,"template":"","format":"standard","meta":{"footnotes":""},"categories":[1,35,7,10],"tags":[],"class_list":["post-8137","post","type-post","status-publish","format-standard","has-post-thumbnail","hentry","category-allgemein","category-pg-1-bereich-5-havelberg-schollene","category-projektgebiet-1","category-veranstaltungen","post-wrapper"],"meta_box":[],"_links":{"self":[{"href":"https:\/\/breitband-altmark.de\/cms\/wp-json\/wp\/v2\/posts\/8137","targetHints":{"allow":["GET"]}}],"collection":[{"href":"https:\/\/breitband-altmark.de\/cms\/wp-json\/wp\/v2\/posts"}],"about":[{"href":"https:\/\/breitband-altmark.de\/cms\/wp-json\/wp\/v2\/types\/post"}],"author":[{"embeddable":true,"href":"https:\/\/breitband-altmark.de\/cms\/wp-json\/wp\/v2\/users\/5"}],"replies":[{"embeddable":true,"href":"https:\/\/breitband-altmark.de\/cms\/wp-json\/wp\/v2\/comments?post=8137"}],"version-history":[{"count":1,"href":"https:\/\/breitband-altmark.de\/cms\/wp-json\/wp\/v2\/posts\/8137\/revisions"}],"predecessor-version":[{"id":8154,"href":"https:\/\/breitband-altmark.de\/cms\/wp-json\/wp\/v2\/posts\/8137\/revisions\/8154"}],"wp:featuredmedia":[{"embeddable":true,"href":"https:\/\/breitband-altmark.de\/cms\/wp-json\/wp\/v2\/media\/8153"}],"wp:attachment":[{"href":"https:\/\/breitband-altmark.de\/cms\/wp-json\/wp\/v2\/media?parent=8137"}],"wp:term":[{"taxonomy":"category","embeddable":true,"href":"https:\/\/breitband-altmark.de\/cms\/wp-json\/wp\/v2\/categories?post=8137"},{"taxonomy":"post_tag","embeddable":true,"href":"https:\/\/breitband-altmark.de\/cms\/wp-json\/wp\/v2\/tags?post=8137"}],"curies":[{"name":"wp","href":"https:\/\/api.w.org\/{rel}","templated":true}]}}