{"id":8005,"date":"2022-10-19T11:24:06","date_gmt":"2022-10-19T09:24:06","guid":{"rendered":"https:\/\/breitband-altmark.de\/cms\/?p=8005"},"modified":"2022-10-19T14:13:31","modified_gmt":"2022-10-19T12:13:31","slug":"verbandsgeschaeftsfuehrer-verbandsgeschaeftsfuehrerin-m-w-d","status":"publish","type":"post","link":"https:\/\/breitband-altmark.de\/cms\/verbandsgeschaeftsfuehrer-verbandsgeschaeftsfuehrerin-m-w-d\/","title":{"rendered":"Verbandsgesch\u00e4ftsf\u00fchrer\/Verbandsgesch\u00e4ftsf\u00fchrerin (m\/w\/d)"},"content":{"rendered":"<p>Der Zweckverband Breitband Altmark mit Sitz in Salzwedel beabsichtigt zum <strong>n\u00e4chstm\u00f6glichen Zeitpunkt<\/strong> die Stelle<br \/>\n<\/p>\n<div style=\"text-indent:30px;\"><strong>\"Verbandsgesch\u00e4ftsf\u00fchrer\/Verbandsgesch\u00e4ftsf\u00fchrerin (m\/w\/d)\"<\/strong><\/div style=\"text-indent:30px;\">\n<br \/>\nin Vollzeit zu besetzen.<br \/>\n<\/p>\n<hr>\n<p>Hier finden Sie die&nbsp;<a href=\"https:\/\/breitband-altmark.de\/cms\/wp-content\/uploads\/2022\/10\/221019_Stellenausschreibung_Geschaeftsfuehrer_ZBA.pdf\"><strong><span style=\"color: #0000ff;\"><font color=ffcc00> vollst\u00e4ndige Stellenausschreibung auch gerne zum Download.<\/font><\/span><\/strong><\/a><\/h4>\n<hr>\n<p><strong>Haben Sie weitere Fragen?<\/strong><br \/>\nF\u00fcr n\u00e4here Ausk\u00fcnfte steht Ihnen der Vorsitzende der Verbandsversammlung, Herr Patrick Puhlmann, Tel.: 03931\/608-001 sowie der Stellvertretende Vorsitzende der Verbandsversammlung, Herr Steve Kanitz, Tel.: 03901\/840-313 telefonisch zur Verf\u00fcgung. <\/p>\n<hr>\n<p><strong>Haben wir Ihr Interesse geweckt?<\/strong><br \/>\nDann \u00fcbersenden Sie Ihre aussagef\u00e4higen und vollst\u00e4ndigen Bewerbungsunterlagen (tabellarischer Lebenslauf mit ausf\u00fchrlichem Werdegang, Lichtbild, Kopien der Bildungsabschl\u00fcsse und evtl. Beurteilungen \u00fcber ihre bisherigen T\u00e4tigkeiten) bitte bis zum <strong>15.11.2022<\/strong> an den Zweckverband Breitband Altmark, Personal, Bahnhofstra\u00dfe 6, 29410 Hansestadt Salzwedel oder per E-Mail an bewerbung@breitband-altmark.de. Unvollst\u00e4ndige bzw. nicht aussagef\u00e4hige Bewerbungsunterlagen werden in das Auswahlverfahren nicht einbezogen. Sofern Sie Ihre Bewerbungsunterlagen per E-Mail \u00fcbersenden m\u00f6chten, verwenden Sie bitte Dateien im <strong>pdf-Format<\/strong>. Bewerbungsunterlagen in anderen Dateiformaten k\u00f6nnen nicht ber\u00fccksichtigt werden.<\/p>\n","protected":false},"excerpt":{"rendered":"<p>Der Zweckverband Breitband Altmark mit Sitz in Salzwedel beabsichtigt zum n\u00e4chstm\u00f6glichen Zeitpunkt die Stelle \"Verbandsgesch\u00e4ftsf\u00fchrer\/Verbandsgesch\u00e4ftsf\u00fchrerin (m\/w\/d)\" in Vollzeit zu besetzen. Hier finden Sie die&nbsp; vollst\u00e4ndige Stellenausschreibung auch gerne zum Download. Haben Sie weitere Fragen? F\u00fcr n\u00e4here Ausk\u00fcnfte steht Ihnen der Vorsitzende der Verbandsversammlung, Herr Patrick Puhlmann, Tel.: 03931\/608-001 sowie der Stellvertretende Vorsitzende der Verbandsversammlung, Herr [&hellip;]<\/p>\n","protected":false},"author":5,"featured_media":8039,"comment_status":"open","ping_status":"open","sticky":false,"template":"","format":"standard","meta":{"footnotes":""},"categories":[1,5,18,20,31,40,34,35,16,19,32,36,41,37,17,21,33,38,39,7,8,9,10],"tags":[],"class_list":["post-8005","post","type-post","status-publish","format-standard","has-post-thumbnail","hentry","category-allgemein","category-cluster-1","category-pg-1-los-1-tangermuende","category-pg-1-bereich-2-erxleben-flessau","category-pg1-bereich-3-wust-klietz","category-pg-1-bereich-4-goldbeck","category-pg-1-bereich-4-tangerhuette","category-pg-1-bereich-5-havelberg-schollene","category-pg-2-los-1-bismark-kalbe","category-pg-2-bereich-2-arendsee-seehausen","category-pg2-bereich-3-bismark","category-pg-2-bereich-4-arendsee-nord","category-pg-2-bereich-4-seehausen-ost","category-pg-2-bereich-5-vienau-zethlingen","category-pg-3-los-1-apenburg","category-pg-3-bereich-2-ellenberg-haselhorst","category-pg-3-bereich-3-immekath-jeggau","category-pg-3-bereich-4-sachau-ipse","category-pg-3-bereich-5-hemstedt","category-projektgebiet-1","category-projektgebiet-2","category-projektgebiet-3","category-veranstaltungen","post-wrapper"],"meta_box":[],"_links":{"self":[{"href":"https:\/\/breitband-altmark.de\/cms\/wp-json\/wp\/v2\/posts\/8005","targetHints":{"allow":["GET"]}}],"collection":[{"href":"https:\/\/breitband-altmark.de\/cms\/wp-json\/wp\/v2\/posts"}],"about":[{"href":"https:\/\/breitband-altmark.de\/cms\/wp-json\/wp\/v2\/types\/post"}],"author":[{"embeddable":true,"href":"https:\/\/breitband-altmark.de\/cms\/wp-json\/wp\/v2\/users\/5"}],"replies":[{"embeddable":true,"href":"https:\/\/breitband-altmark.de\/cms\/wp-json\/wp\/v2\/comments?post=8005"}],"version-history":[{"count":34,"href":"https:\/\/breitband-altmark.de\/cms\/wp-json\/wp\/v2\/posts\/8005\/revisions"}],"predecessor-version":[{"id":8052,"href":"https:\/\/breitband-altmark.de\/cms\/wp-json\/wp\/v2\/posts\/8005\/revisions\/8052"}],"wp:featuredmedia":[{"embeddable":true,"href":"https:\/\/breitband-altmark.de\/cms\/wp-json\/wp\/v2\/media\/8039"}],"wp:attachment":[{"href":"https:\/\/breitband-altmark.de\/cms\/wp-json\/wp\/v2\/media?parent=8005"}],"wp:term":[{"taxonomy":"category","embeddable":true,"href":"https:\/\/breitband-altmark.de\/cms\/wp-json\/wp\/v2\/categories?post=8005"},{"taxonomy":"post_tag","embeddable":true,"href":"https:\/\/breitband-altmark.de\/cms\/wp-json\/wp\/v2\/tags?post=8005"}],"curies":[{"name":"wp","href":"https:\/\/api.w.org\/{rel}","templated":true}]}}