{"id":7962,"date":"2022-09-22T18:09:36","date_gmt":"2022-09-22T16:09:36","guid":{"rendered":"https:\/\/breitband-altmark.de\/cms\/?p=7962"},"modified":"2022-09-22T18:09:36","modified_gmt":"2022-09-22T16:09:36","slug":"ab-heute-zukunft-aktvierung-des-ersten-bauabschnittes-im-projektgebiet-2","status":"publish","type":"post","link":"https:\/\/breitband-altmark.de\/cms\/ab-heute-zukunft-aktvierung-des-ersten-bauabschnittes-im-projektgebiet-2\/","title":{"rendered":"AB HEUTE ZUKUNFT - Aktvierung des ersten Bauabschnittes im Projektgebiet 2 -"},"content":{"rendered":"<p><strong>Altmarkkreis Salzwedel | Landkreis Stendal | Zweckverband Breitband Altmark (ZBA), 22.09.2022: <\/strong><\/p>\n<p><strong>Der Zweckverband Breitband Altmark informiert:<\/strong><\/p>\n<p>Eine gute Nachricht kann der Zweckverband f\u00fcr den ersten Bauabschnitt im Zweckverbandprojektgebiet 2 in unserer Altmark heute verk\u00fcnden. Im Beisein der Regionalleiterin Sachsen-Anhalt des Projekttr\u00e4gers Breitbandf\u00f6rderung T\u00dcV Rheinland Consulting GmbH Frau Susanne Krogmann, dem B\u00fcrgermeister der Einheitsgemeinde Stadt Kalbe (Milde) Karsten Ruth, Vertreter des Netzbetreibers DNS:NET Internet Service GmbH sowie weiteren Vertretern bet\u00e4tigte der ZBA Gesch\u00e4ftsf\u00fchrer Andreas Kluge im Dorfgemeinschaftshaus Packebusch zusammen mit dem Ortsb\u00fcrgermeister Otto Wienecke den Button f\u00fcr die Breitbandmessung des ersten zukunftsfesten Glasfaserhausanschlusses im Projektgebiet 2.<\/p>\n<p>Der Speedtest best\u00e4tigte den langersehnten Erfolg nach einer zukunftsf\u00e4higen Breitbandinfrastruktur in unserer Region. Erfreuliche 947,86 Mbit\/s Download und 483,15 Mbit\/s im Upload wurden \u00fcber das Speedtest-Portal gemessen.<br \/>\n\u201eIch freue mich sehr, dass sich die Aufw\u00e4nde der Verbandsmitglieder, meines Teams und mir nun hier f\u00fcr die Region auszahlen. In Packebusch sto\u00dfen wir heute gemeinsam das Tor in die digitale Zukunft auf. Das ist ein weiterer gro\u00dfer Meilenstein f\u00fcr das Leben und die Wirtschaft in der Altmark.\u201c, so der Gesch\u00e4ftsf\u00fchrer Andreas Kluge.<\/p>\n<p>\u201eDie tats\u00e4chlichen Wurzeln sind geschaffen, damit unsere B\u00fcrger zeitnah das Glasfaserlicht am Ende des Tunnels sehen. F\u00fcr mich als B\u00fcrgermeister ist es ein wesentlicher Faktor f\u00fcr eine zukunftsf\u00e4hige Region und deren Attraktivit\u00e4t.\u201c, umrundete der B\u00fcrgermeister der Einheitsgemeinde Stadt Kalbe (Milde) Karsten Ruth das Ereignis.<\/p>\n<p>&nbsp;<\/p>\n<h4 style=\"text-align: center;\"><a href=\"https:\/\/breitband-altmark.de\/cms\/wp-content\/uploads\/2022\/09\/220922_PM_PG2-BA1_Ab-Heute-Zukunft.pdf\"><strong><span style=\"color: #0000ff;\">- Lesen Sie hier die vollst\u00e4ndige Pressemitteilung -<\/span><\/strong><\/a><\/h4>\n<p>&nbsp;<\/p>\n","protected":false},"excerpt":{"rendered":"<p>Altmarkkreis Salzwedel | Landkreis Stendal | Zweckverband Breitband Altmark (ZBA), 22.09.2022: Der Zweckverband Breitband Altmark informiert: Eine gute Nachricht kann der Zweckverband f\u00fcr den ersten Bauabschnitt im Zweckverbandprojektgebiet 2 in unserer Altmark heute verk\u00fcnden. Im Beisein der Regionalleiterin Sachsen-Anhalt des Projekttr\u00e4gers Breitbandf\u00f6rderung T\u00dcV Rheinland Consulting GmbH Frau Susanne Krogmann, dem B\u00fcrgermeister der Einheitsgemeinde Stadt Kalbe [&hellip;]<\/p>\n","protected":false},"author":5,"featured_media":7960,"comment_status":"open","ping_status":"open","sticky":false,"template":"","format":"standard","meta":{"footnotes":""},"categories":[1,16,8,10],"tags":[],"class_list":["post-7962","post","type-post","status-publish","format-standard","has-post-thumbnail","hentry","category-allgemein","category-pg-2-los-1-bismark-kalbe","category-projektgebiet-2","category-veranstaltungen","post-wrapper"],"meta_box":[],"_links":{"self":[{"href":"https:\/\/breitband-altmark.de\/cms\/wp-json\/wp\/v2\/posts\/7962","targetHints":{"allow":["GET"]}}],"collection":[{"href":"https:\/\/breitband-altmark.de\/cms\/wp-json\/wp\/v2\/posts"}],"about":[{"href":"https:\/\/breitband-altmark.de\/cms\/wp-json\/wp\/v2\/types\/post"}],"author":[{"embeddable":true,"href":"https:\/\/breitband-altmark.de\/cms\/wp-json\/wp\/v2\/users\/5"}],"replies":[{"embeddable":true,"href":"https:\/\/breitband-altmark.de\/cms\/wp-json\/wp\/v2\/comments?post=7962"}],"version-history":[{"count":1,"href":"https:\/\/breitband-altmark.de\/cms\/wp-json\/wp\/v2\/posts\/7962\/revisions"}],"predecessor-version":[{"id":7963,"href":"https:\/\/breitband-altmark.de\/cms\/wp-json\/wp\/v2\/posts\/7962\/revisions\/7963"}],"wp:featuredmedia":[{"embeddable":true,"href":"https:\/\/breitband-altmark.de\/cms\/wp-json\/wp\/v2\/media\/7960"}],"wp:attachment":[{"href":"https:\/\/breitband-altmark.de\/cms\/wp-json\/wp\/v2\/media?parent=7962"}],"wp:term":[{"taxonomy":"category","embeddable":true,"href":"https:\/\/breitband-altmark.de\/cms\/wp-json\/wp\/v2\/categories?post=7962"},{"taxonomy":"post_tag","embeddable":true,"href":"https:\/\/breitband-altmark.de\/cms\/wp-json\/wp\/v2\/tags?post=7962"}],"curies":[{"name":"wp","href":"https:\/\/api.w.org\/{rel}","templated":true}]}}