{"id":7590,"date":"2022-02-25T07:45:14","date_gmt":"2022-02-25T06:45:14","guid":{"rendered":"https:\/\/breitband-altmark.de\/cms\/?p=7590"},"modified":"2022-02-25T07:45:14","modified_gmt":"2022-02-25T06:45:14","slug":"ab-heute-zukunft","status":"publish","type":"post","link":"https:\/\/breitband-altmark.de\/cms\/ab-heute-zukunft\/","title":{"rendered":"AB HEUTE ZUKUNFT"},"content":{"rendered":"<p><strong>Altmarkkreis Salzwedel | Landkreis Stendal | Zweckverband Breitband Altmark (ZBA), 24.02.2022: <\/strong><\/p>\n<p><strong>Der Zweckverband Breitband Altmark informiert:<\/strong><\/p>\n<p>Eine langersehnte Nachricht kann der Zweckverband f\u00fcr den ersten Bauabschnitt im Zweckverbandprojektgebiet 1 in unserer Altmark heute verk\u00fcnden. Zusammen mit dem Staatssekret\u00e4r f\u00fcr Digitalisierung im Ministerium f\u00fcr Infrastruktur und Digitales des Landes Sachsen-Anhalt Bernd Schl\u00f6mer, den beiden altm\u00e4rkischen Landr\u00e4ten Patrick Puhlmann und Michael Ziche, den B\u00fcrgermeistern der Einheitsgemeinde Stadt Tangerm\u00fcnde J\u00fcrgen Pyrdok, und Einheitsgemeinde Stadt Tangerh\u00fctte Andreas Brohm und der stellvertretenden Regionalleiterin der Atene KOM GmbH Ellen Greifeneder, Vertreter des Netzbetreibers DNS:NET Internet Service GmbH sowie weiteren Vertretern schnitt der ZBA Gesch\u00e4ftsf\u00fchrer Andreas Kluge im Heilp\u00e4dagogischen Kinder- und Jugendheim in K\u00f6ckte das BAND als symbolischen Startschuss f\u00fcr die Breitbandaktivierung heute Vormittag durch.<\/p>\n<p>\u201eHeute beginnt hier die letzte Phase des Gro\u00dfprojektes Breitbandausbau Altmark. Die vom ZBA fertiggestellten Bauabschnitte werden an den Netzbetreiber \u00fcbergeben und die Aktivierung der Anschl\u00fcsse f\u00fcr die B\u00fcrger folgt. Ich freue mich sehr, dass sich die Aufw\u00e4nde der Verbandsmitglieder, meines Teams und mir nun hier f\u00fcr die Region auszahlen.\u201c, so der Gesch\u00e4ftsf\u00fchrer.<\/p>\n<p>&nbsp;<\/p>\n<h4 style=\"text-align: center;\"><a href=\"https:\/\/breitband-altmark.de\/cms\/wp-content\/uploads\/2022\/02\/220224_PM_PG1-BA1_AbHeuteZukunft.pdf\"><strong><span style=\"color: #0000ff;\">- Lesen Sie hier die vollst\u00e4ndige Pressemitteilung -<\/span><\/strong><\/a><\/h4>\n<p>&nbsp;<\/p>\n","protected":false},"excerpt":{"rendered":"<p>Altmarkkreis Salzwedel | Landkreis Stendal | Zweckverband Breitband Altmark (ZBA), 24.02.2022: Der Zweckverband Breitband Altmark informiert: Eine langersehnte Nachricht kann der Zweckverband f\u00fcr den ersten Bauabschnitt im Zweckverbandprojektgebiet 1 in unserer Altmark heute verk\u00fcnden. Zusammen mit dem Staatssekret\u00e4r f\u00fcr Digitalisierung im Ministerium f\u00fcr Infrastruktur und Digitales des Landes Sachsen-Anhalt Bernd Schl\u00f6mer, den beiden altm\u00e4rkischen Landr\u00e4ten [&hellip;]<\/p>\n","protected":false},"author":5,"featured_media":7589,"comment_status":"open","ping_status":"open","sticky":false,"template":"","format":"standard","meta":{"footnotes":""},"categories":[1,18,7,10],"tags":[],"class_list":["post-7590","post","type-post","status-publish","format-standard","has-post-thumbnail","hentry","category-allgemein","category-pg-1-los-1-tangermuende","category-projektgebiet-1","category-veranstaltungen","post-wrapper"],"meta_box":[],"_links":{"self":[{"href":"https:\/\/breitband-altmark.de\/cms\/wp-json\/wp\/v2\/posts\/7590","targetHints":{"allow":["GET"]}}],"collection":[{"href":"https:\/\/breitband-altmark.de\/cms\/wp-json\/wp\/v2\/posts"}],"about":[{"href":"https:\/\/breitband-altmark.de\/cms\/wp-json\/wp\/v2\/types\/post"}],"author":[{"embeddable":true,"href":"https:\/\/breitband-altmark.de\/cms\/wp-json\/wp\/v2\/users\/5"}],"replies":[{"embeddable":true,"href":"https:\/\/breitband-altmark.de\/cms\/wp-json\/wp\/v2\/comments?post=7590"}],"version-history":[{"count":1,"href":"https:\/\/breitband-altmark.de\/cms\/wp-json\/wp\/v2\/posts\/7590\/revisions"}],"predecessor-version":[{"id":7591,"href":"https:\/\/breitband-altmark.de\/cms\/wp-json\/wp\/v2\/posts\/7590\/revisions\/7591"}],"wp:featuredmedia":[{"embeddable":true,"href":"https:\/\/breitband-altmark.de\/cms\/wp-json\/wp\/v2\/media\/7589"}],"wp:attachment":[{"href":"https:\/\/breitband-altmark.de\/cms\/wp-json\/wp\/v2\/media?parent=7590"}],"wp:term":[{"taxonomy":"category","embeddable":true,"href":"https:\/\/breitband-altmark.de\/cms\/wp-json\/wp\/v2\/categories?post=7590"},{"taxonomy":"post_tag","embeddable":true,"href":"https:\/\/breitband-altmark.de\/cms\/wp-json\/wp\/v2\/tags?post=7590"}],"curies":[{"name":"wp","href":"https:\/\/api.w.org\/{rel}","templated":true}]}}