{"id":7478,"date":"2021-12-10T14:59:37","date_gmt":"2021-12-10T13:59:37","guid":{"rendered":"https:\/\/breitband-altmark.de\/cms\/?p=7478"},"modified":"2021-12-10T15:01:12","modified_gmt":"2021-12-10T14:01:12","slug":"vor-dem-dritten-advent-die-naechste-glasfaser-ueberraschung-pop-setzung-in-vienau-und-verlaengerung-der-frist-fuer-vorvertraege","status":"publish","type":"post","link":"https:\/\/breitband-altmark.de\/cms\/vor-dem-dritten-advent-die-naechste-glasfaser-ueberraschung-pop-setzung-in-vienau-und-verlaengerung-der-frist-fuer-vorvertraege\/","title":{"rendered":"Vor dem dritten Advent die n\u00e4chste Glasfaser-\u00dcberraschung! \u2013 PoP-Setzung in Vienau und Verl\u00e4ngerung der Frist f\u00fcr Vorvertr\u00e4ge \u2013"},"content":{"rendered":"<p><strong>Altmarkkreis Salzwedel | Landkreis Stendal | Zweckverband Breitband Altmark (ZBA), 10.12.2021: <\/strong><\/p>\n<p><strong>Der Zweckverband Breitband Altmark informiert:<\/strong><\/p>\n<p>Letzte Woche Mittwoch, am 01.12.2021, wurde zum ersten T\u00fcrchen im Dezember das erste Technikgeb\u00e4ude (sogenannter PoP - \u201ePoint of Presence\u201c) f\u00fcr den f\u00fcnften Bauabschnitt im Projektgebiet 2 in Zethlingen errichtet. Heute folgte die Lieferung und Aufstellung des Fertigteilgeb\u00e4udes f\u00fcr den zweiten PoP-Standort in Vienau. Das zehnte T\u00fcrchen im leicht verschneiten Dezember konnten heute Verbandsgesch\u00e4ftsf\u00fchrer Andreas Kluge, Einheitsgemeindeb\u00fcrgermeister der Stadt Kalbe (Milde) Karsten Ruth und Ortsb\u00fcrgermeister Achim Walter \u00f6ffnen.<\/p>\n<p>\u201eEs ist gro\u00dfartig, dass wir mit der heutigen PoP-Setzung noch eine Weihnachts\u00fcberraschung verk\u00fcnden k\u00f6nnen. Mit der leichten Verz\u00f6gerung des Ausbaubeginns haben wir die M\u00f6glichkeit einer Vermarktungsverl\u00e4ngerung beschlossen. Die B\u00fcrger haben nun im Bereich Vienau \/ Zethlingen noch bis zum 31.12.2021 Zeit, einen Vorvertrag auf dem Netz des Zweckverbandes Breitband Altmark abzuschlie\u00dfen. Es ist wichtig, dass wir so vielen B\u00fcrgern wie m\u00f6glich die Chance auf einen gef\u00f6rderten Glasfaseranschluss* geben!\u201c, freute sich Gesch\u00e4ftsf\u00fchrer Kluge.<\/p>\n<p>&nbsp;<\/p>\n<h4 style=\"text-align: center;\"><a href=\"https:\/\/breitband-altmark.de\/cms\/wp-content\/uploads\/2021\/12\/211210_PM_PoP-Vienau.pdf\"><strong><span style=\"color: #0000ff;\">- Lesen Sie hier die vollst\u00e4ndige Pressemitteilung -<\/span><\/strong><\/a><\/h4>\n<p>&nbsp;<\/p>\n","protected":false},"excerpt":{"rendered":"<p>Altmarkkreis Salzwedel | Landkreis Stendal | Zweckverband Breitband Altmark (ZBA), 10.12.2021: Der Zweckverband Breitband Altmark informiert: Letzte Woche Mittwoch, am 01.12.2021, wurde zum ersten T\u00fcrchen im Dezember das erste Technikgeb\u00e4ude (sogenannter PoP - \u201ePoint of Presence\u201c) f\u00fcr den f\u00fcnften Bauabschnitt im Projektgebiet 2 in Zethlingen errichtet. Heute folgte die Lieferung und Aufstellung des Fertigteilgeb\u00e4udes f\u00fcr [&hellip;]<\/p>\n","protected":false},"author":5,"featured_media":7476,"comment_status":"open","ping_status":"open","sticky":false,"template":"","format":"standard","meta":{"footnotes":""},"categories":[37,8,10],"tags":[],"class_list":["post-7478","post","type-post","status-publish","format-standard","has-post-thumbnail","hentry","category-pg-2-bereich-5-vienau-zethlingen","category-projektgebiet-2","category-veranstaltungen","post-wrapper"],"meta_box":[],"_links":{"self":[{"href":"https:\/\/breitband-altmark.de\/cms\/wp-json\/wp\/v2\/posts\/7478","targetHints":{"allow":["GET"]}}],"collection":[{"href":"https:\/\/breitband-altmark.de\/cms\/wp-json\/wp\/v2\/posts"}],"about":[{"href":"https:\/\/breitband-altmark.de\/cms\/wp-json\/wp\/v2\/types\/post"}],"author":[{"embeddable":true,"href":"https:\/\/breitband-altmark.de\/cms\/wp-json\/wp\/v2\/users\/5"}],"replies":[{"embeddable":true,"href":"https:\/\/breitband-altmark.de\/cms\/wp-json\/wp\/v2\/comments?post=7478"}],"version-history":[{"count":2,"href":"https:\/\/breitband-altmark.de\/cms\/wp-json\/wp\/v2\/posts\/7478\/revisions"}],"predecessor-version":[{"id":7480,"href":"https:\/\/breitband-altmark.de\/cms\/wp-json\/wp\/v2\/posts\/7478\/revisions\/7480"}],"wp:featuredmedia":[{"embeddable":true,"href":"https:\/\/breitband-altmark.de\/cms\/wp-json\/wp\/v2\/media\/7476"}],"wp:attachment":[{"href":"https:\/\/breitband-altmark.de\/cms\/wp-json\/wp\/v2\/media?parent=7478"}],"wp:term":[{"taxonomy":"category","embeddable":true,"href":"https:\/\/breitband-altmark.de\/cms\/wp-json\/wp\/v2\/categories?post=7478"},{"taxonomy":"post_tag","embeddable":true,"href":"https:\/\/breitband-altmark.de\/cms\/wp-json\/wp\/v2\/tags?post=7478"}],"curies":[{"name":"wp","href":"https:\/\/api.w.org\/{rel}","templated":true}]}}