{"id":7367,"date":"2021-09-27T09:58:34","date_gmt":"2021-09-27T07:58:34","guid":{"rendered":"https:\/\/breitband-altmark.de\/cms\/?p=7367"},"modified":"2021-09-27T09:58:34","modified_gmt":"2021-09-27T07:58:34","slug":"langersehnter-baustart-der-noerdlichen-bereiche-rund-um-arendsee-und-seehausen","status":"publish","type":"post","link":"https:\/\/breitband-altmark.de\/cms\/langersehnter-baustart-der-noerdlichen-bereiche-rund-um-arendsee-und-seehausen\/","title":{"rendered":"Langersehnter Baustart der n\u00f6rdlichen Bereiche rund um Arendsee und Seehausen"},"content":{"rendered":"<p><strong>Altmarkkreis Salzwedel | Landkreis Stendal | Zweckverband Breitband Altmark (ZBA),<br \/>\n24.09.2021: <\/strong><\/p>\n<p><strong>Der Zweckverband Breitband Altmark (ZBA) informiert:<\/strong><\/p>\n<p>Die Anfragen der B\u00fcrger aus den n\u00f6rdlichen Bereichen rund um Arendsee und Seehausen waren gro\u00df. Nun ist es endlich soweit \u2013 der Glasfaserausbau beginnt. Symbolisiert wurde der Baustart durch den offiziellen Spatenstich am k\u00fcnftigen Standort des Technologiegeb\u00e4udes (PoP \u2013 Point of Presence) in Friedrichsmilde. <\/p>\n<p>Der Landrat des Altmarkkreises Salzwedel Herr Michael Ziche, CDU-Abgeordneter im Landtag von Sachsen-Anhalt Herr Carsten Borchert, sowie der Verbandsgemeindeb\u00fcrgermeister Hansestadt Seehausen Herr R\u00fcdiger Kloth, ZBA Verbandsgesch\u00e4ftsf\u00fchrer Herr Andreas Kluge, Projektleiter Projektgebiet 2 Herr Dirk Benecke und der Bauleiter des ausf\u00fchrenden Tiefbauunternehmens Knaak Rohrvortrieb GmbH Thomas Mecklenborg setzten die Spaten zum Baustart.<\/p>\n<p>\u201eEs ist einfach klasse zu sehen, wie der Breitbandausbau in allen Regionen unserer Altmark beginnt und wir Schritt f\u00fcr Schritt dem zukunftssicheren Gigabitnetz entgegen gehen.\u201c, so Andreas Kluge.<\/p>\n<p>&nbsp;<\/p>\n<h4 style=\"text-align: center;\"><strong><span style=\"color: #0000ff;\"><a style=\"color: #0000ff;\" href=\"https:\/\/breitband-altmark.de\/cms\/wp-content\/uploads\/2021\/09\/210924_PM_Spatenstich-Friedrichsmilde.pdf\">- Lesen Sie hier die vollst\u00e4ndige Pressemitteilung -<\/a><\/span><\/strong><\/h4>\n<p>&nbsp;<\/p>\n","protected":false},"excerpt":{"rendered":"<p>Altmarkkreis Salzwedel | Landkreis Stendal | Zweckverband Breitband Altmark (ZBA), 24.09.2021: Der Zweckverband Breitband Altmark (ZBA) informiert: Die Anfragen der B\u00fcrger aus den n\u00f6rdlichen Bereichen rund um Arendsee und Seehausen waren gro\u00df. Nun ist es endlich soweit \u2013 der Glasfaserausbau beginnt. Symbolisiert wurde der Baustart durch den offiziellen Spatenstich am k\u00fcnftigen Standort des Technologiegeb\u00e4udes (PoP [&hellip;]<\/p>\n","protected":false},"author":5,"featured_media":7366,"comment_status":"open","ping_status":"open","sticky":false,"template":"","format":"standard","meta":{"footnotes":""},"categories":[36,8,10],"tags":[],"class_list":["post-7367","post","type-post","status-publish","format-standard","has-post-thumbnail","hentry","category-pg-2-bereich-4-arendsee-nord","category-projektgebiet-2","category-veranstaltungen","post-wrapper"],"meta_box":[],"_links":{"self":[{"href":"https:\/\/breitband-altmark.de\/cms\/wp-json\/wp\/v2\/posts\/7367","targetHints":{"allow":["GET"]}}],"collection":[{"href":"https:\/\/breitband-altmark.de\/cms\/wp-json\/wp\/v2\/posts"}],"about":[{"href":"https:\/\/breitband-altmark.de\/cms\/wp-json\/wp\/v2\/types\/post"}],"author":[{"embeddable":true,"href":"https:\/\/breitband-altmark.de\/cms\/wp-json\/wp\/v2\/users\/5"}],"replies":[{"embeddable":true,"href":"https:\/\/breitband-altmark.de\/cms\/wp-json\/wp\/v2\/comments?post=7367"}],"version-history":[{"count":1,"href":"https:\/\/breitband-altmark.de\/cms\/wp-json\/wp\/v2\/posts\/7367\/revisions"}],"predecessor-version":[{"id":7368,"href":"https:\/\/breitband-altmark.de\/cms\/wp-json\/wp\/v2\/posts\/7367\/revisions\/7368"}],"wp:featuredmedia":[{"embeddable":true,"href":"https:\/\/breitband-altmark.de\/cms\/wp-json\/wp\/v2\/media\/7366"}],"wp:attachment":[{"href":"https:\/\/breitband-altmark.de\/cms\/wp-json\/wp\/v2\/media?parent=7367"}],"wp:term":[{"taxonomy":"category","embeddable":true,"href":"https:\/\/breitband-altmark.de\/cms\/wp-json\/wp\/v2\/categories?post=7367"},{"taxonomy":"post_tag","embeddable":true,"href":"https:\/\/breitband-altmark.de\/cms\/wp-json\/wp\/v2\/tags?post=7367"}],"curies":[{"name":"wp","href":"https:\/\/api.w.org\/{rel}","templated":true}]}}