{"id":7262,"date":"2021-09-02T21:57:53","date_gmt":"2021-09-02T19:57:53","guid":{"rendered":"https:\/\/breitband-altmark.de\/cms\/?p=7262"},"modified":"2021-09-02T21:57:53","modified_gmt":"2021-09-02T19:57:53","slug":"ein-weiteres-herzstueck-fuer-die-glasfaseranschluesse-im-bereich-ellenberg-haselhorst-aufgestellt","status":"publish","type":"post","link":"https:\/\/breitband-altmark.de\/cms\/ein-weiteres-herzstueck-fuer-die-glasfaseranschluesse-im-bereich-ellenberg-haselhorst-aufgestellt\/","title":{"rendered":"Ein weiteres Herzst\u00fcck f\u00fcr die Glasfaseranschl\u00fcsse im Bereich Ellenberg-Haselhorst aufgestellt"},"content":{"rendered":"<p><strong>Altmarkkreis Salzwedel | Landkreis Stendal | Zweckverband Breitband Altmark (ZBA),<br \/>\n20.08.2021: <\/strong><\/p>\n<p><strong>Der Zweckverband Breitband Altmark (ZBA) informiert:<\/strong><\/p>\n<p>Heute Vormittag wurde in Haselhorst ein weiterer Technikstandort des Glasfasernetzes f\u00fcr den Bauabschnitt 2 im Projektgebiet 3 geliefert. Der Schwerlastkran hat pr\u00e4zise den 32,5 Tonnen schweren Technikcontainer (sogenannter PoP \u2013 Point of Presence) schwebend \u00fcber ein Maisfeld an Ort und Stelle gebracht.<\/p>\n<p>Die Mitarbeiter des ZBA, der Landrat des Altmarkkreises Salzwedel Michael Ziche, der Verbandsgemeindeb\u00fcrgermeister Michael Olms, der B\u00fcrgermeister Fritz Klo\u00df, die Mitarbeiter der Firma Kuhlmann Leitungsbau GmbH, die Bau\u00fcberwacher der BIB TECH GmbH und B\u00fcrger aus Haselhorst beobachteten das spannende Spektakel zwischen dem Friedhof Haselhorst, Pferdekoppeln und Feldern.<\/p>\n<p>&nbsp;<\/p>\n<h4 style=\"text-align: center;\"><strong><span style=\"color: #0000ff;\"><a style=\"color: #0000ff;\" href=\"https:\/\/breitband-altmark.de\/cms\/wp-content\/uploads\/2021\/09\/210820_PM_PG3-BA2_ZweiterPoP-Haselhorst.pdf\">- Lesen Sie hier die vollst\u00e4ndige Pressemitteilung -<\/a><\/span><\/strong><\/h4>\n<p>&nbsp;<\/p>\n","protected":false},"excerpt":{"rendered":"<p>Altmarkkreis Salzwedel | Landkreis Stendal | Zweckverband Breitband Altmark (ZBA), 20.08.2021: Der Zweckverband Breitband Altmark (ZBA) informiert: Heute Vormittag wurde in Haselhorst ein weiterer Technikstandort des Glasfasernetzes f\u00fcr den Bauabschnitt 2 im Projektgebiet 3 geliefert. Der Schwerlastkran hat pr\u00e4zise den 32,5 Tonnen schweren Technikcontainer (sogenannter PoP \u2013 Point of Presence) schwebend \u00fcber ein Maisfeld an [&hellip;]<\/p>\n","protected":false},"author":5,"featured_media":7260,"comment_status":"open","ping_status":"open","sticky":false,"template":"","format":"standard","meta":{"footnotes":""},"categories":[21,9,10],"tags":[],"class_list":["post-7262","post","type-post","status-publish","format-standard","has-post-thumbnail","hentry","category-pg-3-bereich-2-ellenberg-haselhorst","category-projektgebiet-3","category-veranstaltungen","post-wrapper"],"meta_box":[],"_links":{"self":[{"href":"https:\/\/breitband-altmark.de\/cms\/wp-json\/wp\/v2\/posts\/7262","targetHints":{"allow":["GET"]}}],"collection":[{"href":"https:\/\/breitband-altmark.de\/cms\/wp-json\/wp\/v2\/posts"}],"about":[{"href":"https:\/\/breitband-altmark.de\/cms\/wp-json\/wp\/v2\/types\/post"}],"author":[{"embeddable":true,"href":"https:\/\/breitband-altmark.de\/cms\/wp-json\/wp\/v2\/users\/5"}],"replies":[{"embeddable":true,"href":"https:\/\/breitband-altmark.de\/cms\/wp-json\/wp\/v2\/comments?post=7262"}],"version-history":[{"count":1,"href":"https:\/\/breitband-altmark.de\/cms\/wp-json\/wp\/v2\/posts\/7262\/revisions"}],"predecessor-version":[{"id":7263,"href":"https:\/\/breitband-altmark.de\/cms\/wp-json\/wp\/v2\/posts\/7262\/revisions\/7263"}],"wp:featuredmedia":[{"embeddable":true,"href":"https:\/\/breitband-altmark.de\/cms\/wp-json\/wp\/v2\/media\/7260"}],"wp:attachment":[{"href":"https:\/\/breitband-altmark.de\/cms\/wp-json\/wp\/v2\/media?parent=7262"}],"wp:term":[{"taxonomy":"category","embeddable":true,"href":"https:\/\/breitband-altmark.de\/cms\/wp-json\/wp\/v2\/categories?post=7262"},{"taxonomy":"post_tag","embeddable":true,"href":"https:\/\/breitband-altmark.de\/cms\/wp-json\/wp\/v2\/tags?post=7262"}],"curies":[{"name":"wp","href":"https:\/\/api.w.org\/{rel}","templated":true}]}}