{"id":7201,"date":"2021-08-19T14:21:05","date_gmt":"2021-08-19T12:21:05","guid":{"rendered":"https:\/\/breitband-altmark.de\/cms\/?p=7201"},"modified":"2021-08-19T14:21:05","modified_gmt":"2021-08-19T12:21:05","slug":"erstes-technikgebaeude-fuer-die-glasfaseranschluesse-im-dritten-bauabschnitt-projektgebiet-1-aufgestellt","status":"publish","type":"post","link":"https:\/\/breitband-altmark.de\/cms\/erstes-technikgebaeude-fuer-die-glasfaseranschluesse-im-dritten-bauabschnitt-projektgebiet-1-aufgestellt\/","title":{"rendered":"Erstes Technikgeb\u00e4ude f\u00fcr die Glasfaseranschl\u00fcsse im dritten Bauabschnitt Projektgebiet 1 aufgestellt"},"content":{"rendered":"<p><strong>Altmarkkreis Salzwedel | Landkreis Stendal | Zweckverband Breitband Altmark (ZBA),<br \/>\n18.08.2021: <\/strong><\/p>\n<p><strong>Der Zweckverband Breitband Altmark (ZBA) informiert:<\/strong><\/p>\n<p>Heute um ca. 9:30Uhr blickten die Mitarbeiter des ZBA, der Landrat des Landkreises Stendal Patrick Puhlmann, Verbandsgemeindeb\u00fcrgermeisterin Elbe-Havel-Land Steffi Friedebold, der Vertreter der Gemeinde Wust-Fischbeck J\u00f6rg Hellmuth (ehemaliger Landrat des Landkreises Stendal),  die Mitarbeiter der Firma Aytac Bau GmbH, Bau\u00fcberwacher der Firma BIB TECH GmbH und B\u00fcrger aus Wust gespannt auf die Baugrube und den warteten Schwerlastkran, um kurz darauf zu beobachten, wie der Container als Technikgeb\u00e4ude (sogenannter PoP \u2013 Point of Presence) f\u00fcr den Bereich Wust aufgestellt wurde.<\/p>\n<p>Der 32,5 Tonnen schwere und 3m + 5,50m lange PoP-Container dient im Bauabschnitt 3 des Projektgebietes 1 als lokaler Knotenpunkt f\u00fcr ca.600 Hausanschl\u00fcsse. Weitere 900 Glasfaseranschl\u00fcsse in diesem Bauabschnitt werden \u00fcber den PoP in Klietz, welcher voraussichtlich Ende n\u00e4chsten Monats aufgestellt wird, versorgt.<\/p>\n<p>&nbsp;<\/p>\n<h4 style=\"text-align: center;\"><strong><span style=\"color: #0000ff;\"><a style=\"color: #0000ff;\" href=\"https:\/\/breitband-altmark.de\/cms\/wp-content\/uploads\/2021\/08\/210818_PM_PG1-BA3_PoP-Wust.pdf\">- Lesen Sie hier die vollst\u00e4ndige Pressemitteilung -<\/a><\/span><\/strong><\/h4>\n<p>&nbsp;<\/p>\n","protected":false},"excerpt":{"rendered":"<p>Altmarkkreis Salzwedel | Landkreis Stendal | Zweckverband Breitband Altmark (ZBA), 18.08.2021: Der Zweckverband Breitband Altmark (ZBA) informiert: Heute um ca. 9:30Uhr blickten die Mitarbeiter des ZBA, der Landrat des Landkreises Stendal Patrick Puhlmann, Verbandsgemeindeb\u00fcrgermeisterin Elbe-Havel-Land Steffi Friedebold, der Vertreter der Gemeinde Wust-Fischbeck J\u00f6rg Hellmuth (ehemaliger Landrat des Landkreises Stendal), die Mitarbeiter der Firma Aytac Bau [&hellip;]<\/p>\n","protected":false},"author":5,"featured_media":7198,"comment_status":"open","ping_status":"open","sticky":false,"template":"","format":"standard","meta":{"footnotes":""},"categories":[31,7,10],"tags":[],"class_list":["post-7201","post","type-post","status-publish","format-standard","has-post-thumbnail","hentry","category-pg1-bereich-3-wust-klietz","category-projektgebiet-1","category-veranstaltungen","post-wrapper"],"meta_box":[],"_links":{"self":[{"href":"https:\/\/breitband-altmark.de\/cms\/wp-json\/wp\/v2\/posts\/7201","targetHints":{"allow":["GET"]}}],"collection":[{"href":"https:\/\/breitband-altmark.de\/cms\/wp-json\/wp\/v2\/posts"}],"about":[{"href":"https:\/\/breitband-altmark.de\/cms\/wp-json\/wp\/v2\/types\/post"}],"author":[{"embeddable":true,"href":"https:\/\/breitband-altmark.de\/cms\/wp-json\/wp\/v2\/users\/5"}],"replies":[{"embeddable":true,"href":"https:\/\/breitband-altmark.de\/cms\/wp-json\/wp\/v2\/comments?post=7201"}],"version-history":[{"count":1,"href":"https:\/\/breitband-altmark.de\/cms\/wp-json\/wp\/v2\/posts\/7201\/revisions"}],"predecessor-version":[{"id":7202,"href":"https:\/\/breitband-altmark.de\/cms\/wp-json\/wp\/v2\/posts\/7201\/revisions\/7202"}],"wp:featuredmedia":[{"embeddable":true,"href":"https:\/\/breitband-altmark.de\/cms\/wp-json\/wp\/v2\/media\/7198"}],"wp:attachment":[{"href":"https:\/\/breitband-altmark.de\/cms\/wp-json\/wp\/v2\/media?parent=7201"}],"wp:term":[{"taxonomy":"category","embeddable":true,"href":"https:\/\/breitband-altmark.de\/cms\/wp-json\/wp\/v2\/categories?post=7201"},{"taxonomy":"post_tag","embeddable":true,"href":"https:\/\/breitband-altmark.de\/cms\/wp-json\/wp\/v2\/tags?post=7201"}],"curies":[{"name":"wp","href":"https:\/\/api.w.org\/{rel}","templated":true}]}}