{"id":6280,"date":"2020-10-16T12:23:23","date_gmt":"2020-10-16T10:23:23","guid":{"rendered":"https:\/\/breitband-altmark.de\/cms\/?p=6280"},"modified":"2020-10-16T12:33:25","modified_gmt":"2020-10-16T10:33:25","slug":"offizieller-spatenstich-im-projektgebiet-3-altmarkkreis-beginnt-mit-ausbau-des-glasfasernetzes-des-zba","status":"publish","type":"post","link":"https:\/\/breitband-altmark.de\/cms\/offizieller-spatenstich-im-projektgebiet-3-altmarkkreis-beginnt-mit-ausbau-des-glasfasernetzes-des-zba\/","title":{"rendered":"Offizieller Spatenstich im Projektgebiet 3 \u2013 Altmarkkreis beginnt mit Ausbau des Glasfasernetzes des ZBA"},"content":{"rendered":"<p><strong>Altmarkkreis Salzwedel | Landkreis Stendal | Zweckverband Breitband Altmark (ZBA), <\/strong><\/p>\n<p><strong>15.10.2020: <\/strong><\/p>\n<p><strong>Der Zweckverband Breitband Altmark (ZBA) informiert:<\/strong><\/p>\n<p>Das gr\u00f6\u00dfte gef\u00f6rderte l\u00e4ndliche Breitbandprojekt Deutschlands nimmt heute auch im Altmarkkreis weiter Form an. Am heutigen Tag wird im ersten Bauabschnitt Apenburg-Winterfeld per Spatenstich der Start verk\u00fcndet.<\/p>\n<p>&nbsp;<\/p>\n<h4 style=\"text-align: center;\"><strong><span style=\"color: #0000ff;\"><a style=\"color: #0000ff;\" href=\"https:\/\/breitband-altmark.de\/cms\/wp-content\/uploads\/2020\/10\/201015_PG3_Spatenstich_Apenburg-Winterfeld_Altmarkkreis.pdf\">- Lesen Sie hier die vollst\u00e4ndige Pressemitteilung -<\/a><\/span><\/strong><\/h4>\n<p>&nbsp;<\/p>\n","protected":false},"excerpt":{"rendered":"<p>Altmarkkreis Salzwedel | Landkreis Stendal | Zweckverband Breitband Altmark (ZBA), 15.10.2020: Der Zweckverband Breitband Altmark (ZBA) informiert: Das gr\u00f6\u00dfte gef\u00f6rderte l\u00e4ndliche Breitbandprojekt Deutschlands nimmt heute auch im Altmarkkreis weiter Form an. Am heutigen Tag wird im ersten Bauabschnitt Apenburg-Winterfeld per Spatenstich der Start verk\u00fcndet. &nbsp; - Lesen Sie hier die vollst\u00e4ndige Pressemitteilung - &nbsp;<\/p>\n","protected":false},"author":3,"featured_media":6284,"comment_status":"open","ping_status":"open","sticky":false,"template":"","format":"standard","meta":{"footnotes":""},"categories":[1,17,21,33,9],"tags":[],"class_list":["post-6280","post","type-post","status-publish","format-standard","has-post-thumbnail","hentry","category-allgemein","category-pg-3-los-1-apenburg","category-pg-3-bereich-2-ellenberg-haselhorst","category-pg-3-bereich-3-immekath-jeggau","category-projektgebiet-3","post-wrapper"],"meta_box":[],"_links":{"self":[{"href":"https:\/\/breitband-altmark.de\/cms\/wp-json\/wp\/v2\/posts\/6280","targetHints":{"allow":["GET"]}}],"collection":[{"href":"https:\/\/breitband-altmark.de\/cms\/wp-json\/wp\/v2\/posts"}],"about":[{"href":"https:\/\/breitband-altmark.de\/cms\/wp-json\/wp\/v2\/types\/post"}],"author":[{"embeddable":true,"href":"https:\/\/breitband-altmark.de\/cms\/wp-json\/wp\/v2\/users\/3"}],"replies":[{"embeddable":true,"href":"https:\/\/breitband-altmark.de\/cms\/wp-json\/wp\/v2\/comments?post=6280"}],"version-history":[{"count":3,"href":"https:\/\/breitband-altmark.de\/cms\/wp-json\/wp\/v2\/posts\/6280\/revisions"}],"predecessor-version":[{"id":6285,"href":"https:\/\/breitband-altmark.de\/cms\/wp-json\/wp\/v2\/posts\/6280\/revisions\/6285"}],"wp:featuredmedia":[{"embeddable":true,"href":"https:\/\/breitband-altmark.de\/cms\/wp-json\/wp\/v2\/media\/6284"}],"wp:attachment":[{"href":"https:\/\/breitband-altmark.de\/cms\/wp-json\/wp\/v2\/media?parent=6280"}],"wp:term":[{"taxonomy":"category","embeddable":true,"href":"https:\/\/breitband-altmark.de\/cms\/wp-json\/wp\/v2\/categories?post=6280"},{"taxonomy":"post_tag","embeddable":true,"href":"https:\/\/breitband-altmark.de\/cms\/wp-json\/wp\/v2\/tags?post=6280"}],"curies":[{"name":"wp","href":"https:\/\/api.w.org\/{rel}","templated":true}]}}