{"id":5970,"date":"2020-09-15T14:39:31","date_gmt":"2020-09-15T12:39:31","guid":{"rendered":"https:\/\/breitband-altmark.de\/cms\/?p=5970"},"modified":"2020-09-15T14:39:31","modified_gmt":"2020-09-15T12:39:31","slug":"offizelleraktueller-stand-des-zba-breitbandausbaus-im-projektgebiet-3-baustart-im-oktober-2","status":"publish","type":"post","link":"https:\/\/breitband-altmark.de\/cms\/offizelleraktueller-stand-des-zba-breitbandausbaus-im-projektgebiet-3-baustart-im-oktober-2\/","title":{"rendered":"Offizieller Spatenstich im Projektgebiet 2 \u2013 Jetzt wird gebaut"},"content":{"rendered":"<p><strong>Altmarkkreis Salzwedel | Landkreis Stendal | Zweckverband Breitband Altmark (ZBA), <\/strong><\/p>\n<p><strong>10.09.2020: <\/strong><\/p>\n<p><strong>Der Zweckverband Breitband Altmark (ZBA) informiert:<\/strong><\/p>\n<p>Das gr\u00f6\u00dfte gef\u00f6rderte l\u00e4ndliche Breitbandprojekt Deutschlands startet heute in die Umsetzung in den ersten Orten! Nach den erfolgreichen Ausschreibungen der ersten Bauabschnitte in allen drei Projektgebieten kommt es nun im Projektgebiet 2 zum ersten Spatenstich, mit dem der Ausbau des Glasfasernetzes beim B\u00fcrger in der Altmark gestartet wird.<\/p>\n<h4 style=\"text-align: center;\"><strong><span style=\"color: #0000ff;\"><a style=\"color: #0000ff;\" href=\"https:\/\/breitband-altmark.de\/cms\/wp-content\/uploads\/2020\/09\/200910_PG2_Spatenstich_Bismark_Kalbe_Sch\u00f6nebeck.pdf\">- Lesen Sie hier die vollst\u00e4ndige Pressemitteilung -<\/a><\/span><\/strong><\/h4>\n<p>&nbsp;<\/p>\n","protected":false},"excerpt":{"rendered":"<p>Altmarkkreis Salzwedel | Landkreis Stendal | Zweckverband Breitband Altmark (ZBA), 10.09.2020: Der Zweckverband Breitband Altmark (ZBA) informiert: Das gr\u00f6\u00dfte gef\u00f6rderte l\u00e4ndliche Breitbandprojekt Deutschlands startet heute in die Umsetzung in den ersten Orten! Nach den erfolgreichen Ausschreibungen der ersten Bauabschnitte in allen drei Projektgebieten kommt es nun im Projektgebiet 2 zum ersten Spatenstich, mit dem der [&hellip;]<\/p>\n","protected":false},"author":3,"featured_media":5968,"comment_status":"open","ping_status":"open","sticky":false,"template":"","format":"standard","meta":{"footnotes":""},"categories":[1,16,8],"tags":[],"class_list":["post-5970","post","type-post","status-publish","format-standard","has-post-thumbnail","hentry","category-allgemein","category-pg-2-los-1-bismark-kalbe","category-projektgebiet-2","post-wrapper"],"meta_box":[],"_links":{"self":[{"href":"https:\/\/breitband-altmark.de\/cms\/wp-json\/wp\/v2\/posts\/5970","targetHints":{"allow":["GET"]}}],"collection":[{"href":"https:\/\/breitband-altmark.de\/cms\/wp-json\/wp\/v2\/posts"}],"about":[{"href":"https:\/\/breitband-altmark.de\/cms\/wp-json\/wp\/v2\/types\/post"}],"author":[{"embeddable":true,"href":"https:\/\/breitband-altmark.de\/cms\/wp-json\/wp\/v2\/users\/3"}],"replies":[{"embeddable":true,"href":"https:\/\/breitband-altmark.de\/cms\/wp-json\/wp\/v2\/comments?post=5970"}],"version-history":[{"count":2,"href":"https:\/\/breitband-altmark.de\/cms\/wp-json\/wp\/v2\/posts\/5970\/revisions"}],"predecessor-version":[{"id":5972,"href":"https:\/\/breitband-altmark.de\/cms\/wp-json\/wp\/v2\/posts\/5970\/revisions\/5972"}],"wp:featuredmedia":[{"embeddable":true,"href":"https:\/\/breitband-altmark.de\/cms\/wp-json\/wp\/v2\/media\/5968"}],"wp:attachment":[{"href":"https:\/\/breitband-altmark.de\/cms\/wp-json\/wp\/v2\/media?parent=5970"}],"wp:term":[{"taxonomy":"category","embeddable":true,"href":"https:\/\/breitband-altmark.de\/cms\/wp-json\/wp\/v2\/categories?post=5970"},{"taxonomy":"post_tag","embeddable":true,"href":"https:\/\/breitband-altmark.de\/cms\/wp-json\/wp\/v2\/tags?post=5970"}],"curies":[{"name":"wp","href":"https:\/\/api.w.org\/{rel}","templated":true}]}}