{"id":4888,"date":"2020-01-27T11:07:54","date_gmt":"2020-01-27T10:07:54","guid":{"rendered":"https:\/\/breitband-altmark.de\/cms\/?p=4888"},"modified":"2020-02-11T14:21:48","modified_gmt":"2020-02-11T13:21:48","slug":"erstes-ausbaugebiet-im-projektgebiet-1-lk-stendal","status":"publish","type":"post","link":"https:\/\/breitband-altmark.de\/cms\/erstes-ausbaugebiet-im-projektgebiet-1-lk-stendal\/","title":{"rendered":"Erstes Ausbaugebiet im Projektgebiet 1 LK Stendal"},"content":{"rendered":"\n<p><strong>- Tangerm\u00fcnde wird erstes Ausbaulos -<\/strong><\/p>\n\n\n\n<p><strong>Der Zweckverband\nBreitband Altmark informiert:<\/strong><\/p>\n\n\n\n<p>Heute\nkonnte der Zweckverband Breitband Altmark (ZBA) dem B\u00fcrgermeister J\u00fcrgen Pyrdok\nund Haupt- und Personalamtsleiter Steffen Schilm die frohe Botschaft\n\u00fcberbringen. Der l\u00e4ndliche Bereich um Tangerm\u00fcnde wird das erste Ausbaulos des\nProjektgebietes 1 im Landkreis Stendal. <\/p>\n\n\n\n<p>In\nenger Abstimmung mit den Planern des ZBA wurden die technische Machbarkeit, die\nGeschwindigkeit der Genehmigungsverfahren der Kommunen und die Anschlussquoten\nin allen Bereichen des Projektgebietes verglichen.<\/p>\n\n\n\n<p>Tangerm\u00fcnde\nkonnte hier alle Vorteile auf sich vereinen und somit als erstes Ausbaulos\nfestgelegt werden.<\/p>\n\n\n\n<p>\u201eEiner\nmuss nun mal der Erste sein. Laut Plan werden im Abstand von jeweils zwei\nMonaten die weiteren Lose ausgeschrieben und es geht z\u00fcgig weiter,\u201c teilt\nAndreas Kluge Verbandsgesch\u00e4ftsf\u00fchrer mit.<\/p>\n\n\n\n<p>Jedes\nder drei Projektgebiete in der Altmark wird weiter in kleinere Baulose\naufgeteilt. In einem der Baulose wird gestartet und in kurzer Folge alle\nweiteren Baulose bekannt gegeben, ausgeschrieben und der Baustart erfolgt.<\/p>\n\n\n\n<p>Im\nLOS 1 -Tangerm\u00fcnde <strong>beabsichtigt der ZBA\nmehr als 600 absolut l\u00e4ndliche echte Glasfaseranschl\u00fcsse bis ins Haus<\/strong> der\nB\u00fcrger zu realisieren. Nach Cluster 1 mit \u00fcber 1100 Anschl\u00fcssen startet nun\nauch Tangerm\u00fcnde ins Gigabitzeitalter.<\/p>\n\n\n\n<p>Das\nerste Ausbaugebiet im Detail:<\/p>\n\n\n\n<p><strong>Projektgebiet\n1 (LK SDL)<\/strong><\/p>\n\n\n\n<p>Name:&nbsp;&nbsp;&nbsp;&nbsp;&nbsp;&nbsp;&nbsp;&nbsp;&nbsp;&nbsp;&nbsp;&nbsp;&nbsp;&nbsp;&nbsp;&nbsp; <strong>Los 1\n\u2013 Tangerm\u00fcnde<\/strong><\/p>\n\n\n\n<p>Ortsteile:<em> &nbsp;&nbsp;&nbsp;&nbsp;&nbsp;&nbsp;&nbsp;&nbsp;&nbsp;&nbsp;&nbsp;&nbsp; <\/em>B\u00f6lsdorf (K\u00f6ckte), Buch, Grobleben,\nH\u00e4merten (tlw.), Langensalzwedel,&nbsp;Miltern, Demker (Elversdorf), (wei\u00dfe\nFlecken)<\/p>\n\n\n\n<p>Pop-Standort:&nbsp;&nbsp;&nbsp;&nbsp; Tangerm\u00fcnde&nbsp;&nbsp;&nbsp; <\/p>\n\n\n\n<figure class=\"wp-block-image size-large\"><img loading=\"lazy\" decoding=\"async\" width=\"1024\" height=\"683\" src=\"https:\/\/breitband-altmark.de\/cms\/wp-content\/uploads\/2020\/01\/IMG_8470-1024x683.jpg\" alt=\"\" class=\"wp-image-4866\" srcset=\"https:\/\/breitband-altmark.de\/cms\/wp-content\/uploads\/2020\/01\/IMG_8470-1024x683.jpg 1024w, https:\/\/breitband-altmark.de\/cms\/wp-content\/uploads\/2020\/01\/IMG_8470-300x200.jpg 300w, https:\/\/breitband-altmark.de\/cms\/wp-content\/uploads\/2020\/01\/IMG_8470-768x512.jpg 768w\" sizes=\"auto, (max-width: 1024px) 100vw, 1024px\" \/><figcaption>v.l.n.r. Ronald Haag Projektleiter ZBA PG 1, Steffen Schilm Haupt- und Personalamtsleiter Tangerm\u00fcnde, J\u00fcrgen Pyrdok B\u00fcrgermeister Tangerm\u00fcnde, Andreas Kluge Gesch\u00e4ftsf\u00fchrer ZBA<\/figcaption><\/figure>\n\n\n\n<figure class=\"wp-block-image size-large\"><img loading=\"lazy\" decoding=\"async\" width=\"1024\" height=\"724\" src=\"https:\/\/breitband-altmark.de\/cms\/wp-content\/uploads\/2020\/01\/Baustart-PG-I_gro\u00dfe_Karte-1-1024x724.png\" alt=\"\" class=\"wp-image-4865\" srcset=\"https:\/\/breitband-altmark.de\/cms\/wp-content\/uploads\/2020\/01\/Baustart-PG-I_gro\u00dfe_Karte-1-1024x724.png 1024w, https:\/\/breitband-altmark.de\/cms\/wp-content\/uploads\/2020\/01\/Baustart-PG-I_gro\u00dfe_Karte-1-300x212.png 300w, https:\/\/breitband-altmark.de\/cms\/wp-content\/uploads\/2020\/01\/Baustart-PG-I_gro\u00dfe_Karte-1-768x543.png 768w\" sizes=\"auto, (max-width: 1024px) 100vw, 1024px\" \/><figcaption>LOS 1 - Tangerm\u00fcnde im Detail<\/figcaption><\/figure>\n","protected":false},"excerpt":{"rendered":"<p>- Tangerm\u00fcnde wird erstes Ausbaulos - Der Zweckverband Breitband Altmark informiert: Heute konnte der Zweckverband Breitband Altmark (ZBA) dem B\u00fcrgermeister J\u00fcrgen Pyrdok und Haupt- und Personalamtsleiter Steffen Schilm die frohe Botschaft \u00fcberbringen. Der l\u00e4ndliche Bereich um Tangerm\u00fcnde wird das erste Ausbaulos des Projektgebietes 1 im Landkreis Stendal. In enger Abstimmung mit den Planern des ZBA [&hellip;]<\/p>\n","protected":false},"author":5,"featured_media":4909,"comment_status":"open","ping_status":"open","sticky":false,"template":"","format":"standard","meta":{"footnotes":""},"categories":[1,18,7],"tags":[],"class_list":["post-4888","post","type-post","status-publish","format-standard","has-post-thumbnail","hentry","category-allgemein","category-pg-1-los-1-tangermuende","category-projektgebiet-1","post-wrapper"],"meta_box":[],"_links":{"self":[{"href":"https:\/\/breitband-altmark.de\/cms\/wp-json\/wp\/v2\/posts\/4888","targetHints":{"allow":["GET"]}}],"collection":[{"href":"https:\/\/breitband-altmark.de\/cms\/wp-json\/wp\/v2\/posts"}],"about":[{"href":"https:\/\/breitband-altmark.de\/cms\/wp-json\/wp\/v2\/types\/post"}],"author":[{"embeddable":true,"href":"https:\/\/breitband-altmark.de\/cms\/wp-json\/wp\/v2\/users\/5"}],"replies":[{"embeddable":true,"href":"https:\/\/breitband-altmark.de\/cms\/wp-json\/wp\/v2\/comments?post=4888"}],"version-history":[{"count":5,"href":"https:\/\/breitband-altmark.de\/cms\/wp-json\/wp\/v2\/posts\/4888\/revisions"}],"predecessor-version":[{"id":4918,"href":"https:\/\/breitband-altmark.de\/cms\/wp-json\/wp\/v2\/posts\/4888\/revisions\/4918"}],"wp:featuredmedia":[{"embeddable":true,"href":"https:\/\/breitband-altmark.de\/cms\/wp-json\/wp\/v2\/media\/4909"}],"wp:attachment":[{"href":"https:\/\/breitband-altmark.de\/cms\/wp-json\/wp\/v2\/media?parent=4888"}],"wp:term":[{"taxonomy":"category","embeddable":true,"href":"https:\/\/breitband-altmark.de\/cms\/wp-json\/wp\/v2\/categories?post=4888"},{"taxonomy":"post_tag","embeddable":true,"href":"https:\/\/breitband-altmark.de\/cms\/wp-json\/wp\/v2\/tags?post=4888"}],"curies":[{"name":"wp","href":"https:\/\/api.w.org\/{rel}","templated":true}]}}